{"id":1018,"date":"2018-09-23T15:31:36","date_gmt":"2018-09-23T18:31:36","guid":{"rendered":"http:\/\/www.mundoleitura.com.br\/editora\/?p=1018"},"modified":"2018-09-24T17:41:39","modified_gmt":"2018-09-24T20:41:39","slug":"primavera-dos-livros","status":"publish","type":"post","link":"https:\/\/www.mundoleitura.com.br\/editora\/2018\/09\/primavera-dos-livros\/","title":{"rendered":"A\u00c7\u00c3O CULTURAL LEITURA SOLID\u00c1RIA"},"content":{"rendered":"<p><a href=\"http:\/\/www.mundoleitura.com.br\/editora\/wp-content\/uploads\/2018\/09\/3PRIMAVERA-SITE.png\"><img loading=\"lazy\" decoding=\"async\" class=\"alignnone wp-image-1037\" src=\"http:\/\/www.mundoleitura.com.br\/editora\/wp-content\/uploads\/2018\/09\/3PRIMAVERA-SITE.png\" alt=\"\" width=\"658\" height=\"370\" srcset=\"https:\/\/www.mundoleitura.com.br\/editora\/wp-content\/uploads\/2018\/09\/3PRIMAVERA-SITE.png 1240w, https:\/\/www.mundoleitura.com.br\/editora\/wp-content\/uploads\/2018\/09\/3PRIMAVERA-SITE-300x169.png 300w, https:\/\/www.mundoleitura.com.br\/editora\/wp-content\/uploads\/2018\/09\/3PRIMAVERA-SITE-768x432.png 768w, https:\/\/www.mundoleitura.com.br\/editora\/wp-content\/uploads\/2018\/09\/3PRIMAVERA-SITE-1024x576.png 1024w, https:\/\/www.mundoleitura.com.br\/editora\/wp-content\/uploads\/2018\/09\/3PRIMAVERA-SITE-200x112.png 200w\" sizes=\"auto, (max-width: 658px) 100vw, 658px\" \/><\/a><\/p>\n<p>Quer semear\u00a0livros e leituras nessa Primavera?<\/p>\n<p>Ent\u00e3o venha com @mundoleituraeditora e @redelerecompartilhar\u00a0fazer florescer o primeiro acervo para crian\u00e7as da CEIM Taiara<span class=\"text_exposed_show\">\u00a0Silva Crulhe, no ES. De 22 de setembro a 15 de outubro, cada livro comprado na loja virtual da editora ser\u00e1 convertido noutro livro para crian\u00e7as da educa\u00e7\u00e3o infantil que estudam nessa creche escola. Voc\u00ea pode se tornar um padrinho liter\u00e1rio e contribuir com essa a\u00e7\u00e3o cultural por um Brasil de leitores!<\/span><\/p>\n<p><strong>Assista ao v\u00eddeo e veja como participar!<\/strong><\/p>\n<div style=\"width: 640px;\" class=\"wp-video\"><video class=\"wp-video-shortcode\" id=\"video-1018-1\" width=\"640\" height=\"1138\" preload=\"metadata\" controls=\"controls\"><source type=\"video\/mp4\" src=\"http:\/\/www.mundoleitura.com.br\/editora\/wp-content\/uploads\/2018\/09\/InShot_Primavera-dos-livros-0180921_162938199.mp4?_=1\" \/><a href=\"http:\/\/www.mundoleitura.com.br\/editora\/wp-content\/uploads\/2018\/09\/InShot_Primavera-dos-livros-0180921_162938199.mp4\">http:\/\/www.mundoleitura.com.br\/editora\/wp-content\/uploads\/2018\/09\/InShot_Primavera-dos-livros-0180921_162938199.mp4<\/a><\/video><\/div>\n<p>&nbsp;<\/p>\n<p>&nbsp;<\/p>\n","protected":false},"excerpt":{"rendered":"<p>Que tal fazer\u00a0fazer florescer o primeiro acervo para crian\u00e7as de uma escola<span class=\"text_exposed_show\">\u00a0 rural? De 22 de setembro a 15 de outubro, cada livro comprado na loja virtual de Mundo Leitura editora ser\u00e1 convertido noutro livro para crian\u00e7as que estudam na educa\u00e7\u00e3o infantil no interior do ES<\/span><\/p>\n","protected":false},"author":2,"featured_media":1041,"comment_status":"open","ping_status":"open","sticky":false,"template":"","format":"standard","meta":{"footnotes":""},"categories":[5],"tags":[40,28,41,36,27,42],"class_list":["post-1018","post","type-post","status-publish","format-standard","has-post-thumbnail","hentry","category-blog","tag-acao-cultural","tag-leitura","tag-leitura-solidaria","tag-literatura-infantojuvenil","tag-livros","tag-padrinhos-literarios"],"_links":{"self":[{"href":"https:\/\/www.mundoleitura.com.br\/editora\/wp-json\/wp\/v2\/posts\/1018","targetHints":{"allow":["GET"]}}],"collection":[{"href":"https:\/\/www.mundoleitura.com.br\/editora\/wp-json\/wp\/v2\/posts"}],"about":[{"href":"https:\/\/www.mundoleitura.com.br\/editora\/wp-json\/wp\/v2\/types\/post"}],"author":[{"embeddable":true,"href":"https:\/\/www.mundoleitura.com.br\/editora\/wp-json\/wp\/v2\/users\/2"}],"replies":[{"embeddable":true,"href":"https:\/\/www.mundoleitura.com.br\/editora\/wp-json\/wp\/v2\/comments?post=1018"}],"version-history":[{"count":8,"href":"https:\/\/www.mundoleitura.com.br\/editora\/wp-json\/wp\/v2\/posts\/1018\/revisions"}],"predecessor-version":[{"id":1377,"href":"https:\/\/www.mundoleitura.com.br\/editora\/wp-json\/wp\/v2\/posts\/1018\/revisions\/1377"}],"wp:featuredmedia":[{"embeddable":true,"href":"https:\/\/www.mundoleitura.com.br\/editora\/wp-json\/wp\/v2\/media\/1041"}],"wp:attachment":[{"href":"https:\/\/www.mundoleitura.com.br\/editora\/wp-json\/wp\/v2\/media?parent=1018"}],"wp:term":[{"taxonomy":"category","embeddable":true,"href":"https:\/\/www.mundoleitura.com.br\/editora\/wp-json\/wp\/v2\/categories?post=1018"},{"taxonomy":"post_tag","embeddable":true,"href":"https:\/\/www.mundoleitura.com.br\/editora\/wp-json\/wp\/v2\/tags?post=1018"}],"curies":[{"name":"wp","href":"https:\/\/api.w.org\/{rel}","templated":true}]}}